{"id":15127,"date":"2023-08-22T09:05:37","date_gmt":"2023-08-22T09:05:37","guid":{"rendered":"https:\/\/videotravel.wansait.com\/wp\/?p=15127"},"modified":"2023-08-22T09:05:40","modified_gmt":"2023-08-22T09:05:40","slug":"vedeta-turismului-istoric-in-dobrogea-memorialul-roman-de-la-adamclisi","status":"publish","type":"post","link":"https:\/\/videotravel.wansait.com\/wp\/vedeta-turismului-istoric-in-dobrogea-memorialul-roman-de-la-adamclisi\/15127\/turism-cultural\/","title":{"rendered":"Vedeta turismului istoric \u00een Dobrogea: Memorialul roman de la Adamclisi"},"content":{"rendered":"\n<p>Adamclisi,\u00a0<strong>Tropaeum Traiani<\/strong>\u00a0, jude\u021bul Constan\u021ba. Monumentul triumfal ridicat de \u00eemp\u0103ratul Traian \u00een anul 109 d. C. reprezint\u0103 vestigiile romane de cel mai mare interes pentru vizitatori. Piesele centrale ale complexului de la Adamclisi sunt tumulul funerar \u0219i altarul funerar. Ruinele descoperite de arheologi ale ora\u0219ului antic cu acela\u0219i nume secolele I-VI, 10 ha, sunt par\u021bial restaurate \u0219i conservate: str\u0103zi pavate, sistem de canalizare, ziduri de ap\u0103rare cu 22 de turnuri \u0219i patru por\u021bi. Patru basilici paleocre\u0219tine (secolele IV-VI; 10 ha). via <a href=\"https:\/\/wansait.com\/principalele-situri-arheologice-din-romania\/\" data-type=\"link\" data-id=\"https:\/\/wansait.com\/principalele-situri-arheologice-din-romania\/\">Wansait.com &#8211; Lista celor mai importante vestigii istorice<\/a><\/p>\n\n\n\n<figure class=\"wp-block-embed is-type-video is-provider-youtube wp-block-embed-youtube wp-embed-aspect-16-9 wp-has-aspect-ratio\"><div class=\"wp-block-embed__wrapper\">\n<div class=\"jetpack-video-wrapper\"><span class=\"embed-youtube\" style=\"text-align:center; display: block;\"><iframe loading=\"lazy\" class=\"youtube-player\" width=\"780\" height=\"439\" src=\"https:\/\/www.youtube.com\/embed\/mfvDi28hfyc?version=3&#038;rel=1&#038;showsearch=0&#038;showinfo=1&#038;iv_load_policy=1&#038;fs=1&#038;hl=ro-RO&#038;autohide=2&#038;wmode=transparent\" allowfullscreen=\"true\" style=\"border:0;\" sandbox=\"allow-scripts allow-same-origin allow-popups allow-presentation allow-popups-to-escape-sandbox\"><\/iframe><\/span><\/div>\n<\/div><\/figure>\n\n\n\n<p>video: Visit Constanta &#8211; canal Youtube:<\/p>\n\n\n\n<p>Denumirea actual\u0103 vine de la numele turcesc Adam Kilisse (Casa lui Adam, interpretat\u0103 ca fiind Biserica Omului). <\/p>\n\n\n\n<blockquote class=\"wp-block-quote is-layout-flow wp-block-quote-is-layout-flow\">\n<p>Monumentul triumfal Tropaeum Traiani \u201eNerva Traian August, \u00eemp\u0103rat \u0219i cezar, \u00eenving\u0103torul germanilor \u0219i dacilor, fiul divinului Nerva, mare preot, pentru a XIII-a oar\u0103 tribun, pentru a VI-a oar\u0103 \u00eemp\u0103rat, pentru a V-a oar\u0103 consul, p\u0103rintele patriei.\u201d Marele monument se pare c\u0103 a fost construit \u00een perioada 106-109, ca omagiu pentru victoria, \u00een anul 102, contra coali\u021biei geto-dacic\u0103 al\u0103turi de care luptau triburile de buri \u0219i sarma\u021bi. O mare b\u0103t\u0103lie, probabil cea de la Tapae, a fost cu greu c\u00e2\u0219tigat\u0103 de romani, iar marele \u00eemp\u0103rat Traian a trimis s\u0103 construiasc\u0103 un monument m\u0103re\u021b la Adamclisi pe nimeni altul dec\u00e2t Apolodor (Apollodoros) din Damasc, cel care a proiectat Columna lui Traian \u0219i Forul lui Traian de la Roma, dar \u0219i podul peste Dun\u0103re de la Drobeta Turnu Severin. <\/p>\n\n\n\n<p>Complexul cuprindea Monumentul Triumfal, un altar cu numele celor 3800 de solda\u021bi romani c\u0103zu\u021bi \u00een lupt\u0103 (\u00een urma studiilor se presupune c\u0103 rudimentarii daci \u0219i alia\u021bii lor au avut pierderi de trei ori mai mari) \u0219i un mausoleu dedicat unui ofi\u021ber superior (descoperit de Grig. Tocilescu \u00een 1897). <\/p>\n\n\n\n<p>Actualul monument este o replic\u0103 a originalului care ajungea la 39 de metri \u00eenal\u021bime \u0219i avea diametrul de 38 de metri. Refacerea lui a \u00eenceput \u00een 1974 \u0219i a durat trei ani, tot at\u00e2t c\u00e2t le-a luat romanilor s\u0103 \u00eel construiasc\u0103 de la zero. Piesele originale (o parte au fost recuperate din cur\u021bile oamenilor, fiind folosite construc\u021bia f\u00e2nt\u00e2nilor, a hambarelor \u0219i a tot felul de dependin\u021be gospod\u0103re\u0219ti) sunt ad\u0103postite \u00een muzeul construit \u00een centrul satului Adamclisi. <\/p>\n<\/blockquote>\n\n\n\n<p><strong>Cetatea Tropaeum Traiani<\/strong> Al doilea mare obiectiv turistic de la Adamclisi este cetatea roman\u0103. Ea este considerat\u0103 drept cea mai mare a\u0219ezare civil\u0103 roman\u0103 de pe teritoriul Dobrogei \u0219i a fost construit\u0103 odat\u0103 cu monumentul, fiind locuit\u0103 ini\u021bial de familiile veteranilor din razboaiele daco-romane. Mai t\u00e2rziu cetatea a fost ridicat\u0103 la rangul de \u201emunicipium\u201d, iar dup\u0103 invazia go\u021bilor a fost reconstruit\u0103 din temelii de \u00eemp\u0103ratul Constantin cel Mare. Lovitura de gra\u021bie a fost dat\u0103 de avari (anul 587) dup\u0103 a c\u0103ror invazie cetatea a fost abandonat\u0103 definitiv.<\/p>\n","protected":false},"excerpt":{"rendered":"<p>Adamclisi,\u00a0Tropaeum Traiani\u00a0, jude\u021bul Constan\u021ba. Monumentul triumfal ridicat de \u00eemp\u0103ratul Traian \u00een anul 109 d. C. reprezint\u0103 vestigiile romane de cel mai mare interes pentru vizitatori. Piesele centrale ale complexului de la Adamclisi sunt tumulul funerar \u0219i altarul funerar. Ruinele descoperite de arheologi ale ora\u0219ului antic cu acela\u0219i nume secolele I-VI, 10 ha, sunt par\u021bial restaurate &hellip; <\/p>\n","protected":false},"author":1,"featured_media":15129,"comment_status":"open","ping_status":"open","sticky":false,"template":"","format":"standard","meta":{"advanced_seo_description":"","jetpack_seo_html_title":"","jetpack_seo_noindex":false,"jetpack_post_was_ever_published":false,"_jetpack_newsletter_access":"","_jetpack_dont_email_post_to_subs":false,"_jetpack_newsletter_tier_id":0,"_jetpack_memberships_contains_paywalled_content":false,"_jetpack_memberships_contains_paid_content":false,"footnotes":"","jetpack_publicize_message":"","jetpack_publicize_feature_enabled":true,"jetpack_social_post_already_shared":true,"jetpack_social_options":{"image_generator_settings":{"template":"highway","default_image_id":0,"font":"","enabled":false},"version":2}},"categories":[500],"tags":[125,514,513,93,516,515],"class_list":["post-15127","post","type-post","status-publish","format-standard","has-post-thumbnail","hentry","category-turism-cultural","tag-dobrogea","tag-patrimoniu-istoric","tag-reconstructii","tag-romania","tag-turism-cultural","tag-vestigii-romane"],"jetpack_publicize_connections":[],"jetpack_featured_media_url":"https:\/\/videotravel.wansait.com\/wp\/wp-content\/uploads\/2023\/08\/vedeta-turismului-istoric-in-dob.jpg","jetpack_sharing_enabled":true,"jetpack_shortlink":"https:\/\/wp.me\/pa7KLi-3VZ","jetpack-related-posts":[{"id":15131,"url":"https:\/\/videotravel.wansait.com\/wp\/cele-doua-castre-romane-de-la-bumbesti-jiu-gorj\/15131\/turism-cultural\/","url_meta":{"origin":15127,"position":0},"title":"Cele dou\u0103 castre romane de la Bumbe\u0219ti-Jiu (Gorj)","author":"hrnicu","date":"28 aug. 2023","format":false,"excerpt":"Bumbe\u0219ti-Jiu , judetul Gorj, pe malul st\u00e2ng al r\u0103ului Jiu. Vestigiile par\u021bial dezvelite a dou\u0103 castre romane, \u00eentre care cel din piatr\u0103 (secolele II-III) este cel mai bine conservat. Alte descoperiri importante de aici pot fi v\u0103zute \u00een Muzeul din T\u00e2rgu Jiu. video: film documentar despre Defileul Jiului https:\/\/www.youtube.com\/watch?v=6VFp8XbHk3k Lista\u2026","rel":"","context":"\u00cen \u201eTurism cultural\u201d","block_context":{"text":"Turism cultural","link":"https:\/\/videotravel.wansait.com\/wp\/category\/turism-cultural\/"},"img":{"alt_text":"","src":"https:\/\/i0.wp.com\/videotravel.wansait.com\/wp\/wp-content\/uploads\/2023\/08\/cele-doua-castre-romane-de-la-bu.jpg?resize=350%2C200&ssl=1","width":350,"height":200,"srcset":"https:\/\/i0.wp.com\/videotravel.wansait.com\/wp\/wp-content\/uploads\/2023\/08\/cele-doua-castre-romane-de-la-bu.jpg?resize=350%2C200&ssl=1 1x, https:\/\/i0.wp.com\/videotravel.wansait.com\/wp\/wp-content\/uploads\/2023\/08\/cele-doua-castre-romane-de-la-bu.jpg?resize=525%2C300&ssl=1 1.5x, https:\/\/i0.wp.com\/videotravel.wansait.com\/wp\/wp-content\/uploads\/2023\/08\/cele-doua-castre-romane-de-la-bu.jpg?resize=700%2C400&ssl=1 2x, https:\/\/i0.wp.com\/videotravel.wansait.com\/wp\/wp-content\/uploads\/2023\/08\/cele-doua-castre-romane-de-la-bu.jpg?resize=1050%2C600&ssl=1 3x"},"classes":[]},{"id":15123,"url":"https:\/\/videotravel.wansait.com\/wp\/scurta-istorie-a-plajelor-costumului-de-baie-si-turismului-estival\/15123\/balneo\/","url_meta":{"origin":15127,"position":1},"title":"Scurt\u0103 istorie a plajelor, costumului de baie \u0219i turismului estival","author":"hrnicu","date":"10 iul. 2023","format":false,"excerpt":"Plaja f\u0103r\u0103 sf\u00e2r\u0219it Ce \u00ee\u021bi vine cu adev\u0103rat \u00een minte c\u00e2nd auzi cuv\u00e2ntul \u201eplaj\u0103\u201d? Nisip? Rechini? Valuri? Soare? Probabil. Sau tipe \u201eaproape\u201d dezbr\u0103cate, bikini de baie sexy, surferi \u00een costume mulate \u0219i mult bronz. Istorie Cu 2 miliarde de ani \u00een urm\u0103 furtunile au adunat masele de p\u0103m\u00e2nt p\u00e2n\u0103 c\u00e2nd\u2026","rel":"","context":"\u00cen \u201eBalneo\u201d","block_context":{"text":"Balneo","link":"https:\/\/videotravel.wansait.com\/wp\/category\/balneo\/"},"img":{"alt_text":"","src":"https:\/\/i0.wp.com\/videotravel.wansait.com\/wp\/wp-content\/uploads\/2023\/07\/scurta-istorie-a-plajelor-costum.jpg?resize=350%2C200&ssl=1","width":350,"height":200,"srcset":"https:\/\/i0.wp.com\/videotravel.wansait.com\/wp\/wp-content\/uploads\/2023\/07\/scurta-istorie-a-plajelor-costum.jpg?resize=350%2C200&ssl=1 1x, https:\/\/i0.wp.com\/videotravel.wansait.com\/wp\/wp-content\/uploads\/2023\/07\/scurta-istorie-a-plajelor-costum.jpg?resize=525%2C300&ssl=1 1.5x, https:\/\/i0.wp.com\/videotravel.wansait.com\/wp\/wp-content\/uploads\/2023\/07\/scurta-istorie-a-plajelor-costum.jpg?resize=700%2C400&ssl=1 2x, https:\/\/i0.wp.com\/videotravel.wansait.com\/wp\/wp-content\/uploads\/2023\/07\/scurta-istorie-a-plajelor-costum.jpg?resize=1050%2C600&ssl=1 3x"},"classes":[]},{"id":15209,"url":"https:\/\/videotravel.wansait.com\/wp\/cele-mai-mari-insule-grecesti\/15209\/turism-cultural\/","url_meta":{"origin":15127,"position":2},"title":"Cele mai mari insule grece\u0219ti","author":"hrnicu","date":"5 aug. 2024","format":false,"excerpt":"Cele mai mari 20 de insule din cele 227 insule locuite ale Greciei. S\u0103 fim bine \u00een\u021bele\u0219i: oricare dintre aceste insule are o minim o plaj\u0103 cu nisip \u0219i condi\u021bii de la bune \u00een sus. P\u00e2n\u0103 la super. Deci: ce altceva ofer\u0103 marile insule ale Greciei? Grecia este renumit\u0103 pentru\u2026","rel":"","context":"\u00cen \u201eTurism cultural\u201d","block_context":{"text":"Turism cultural","link":"https:\/\/videotravel.wansait.com\/wp\/category\/turism-cultural\/"},"img":{"alt_text":"","src":"https:\/\/i0.wp.com\/videotravel.wansait.com\/wp\/wp-content\/uploads\/2024\/08\/cele-mai-mari-insule-grecesti.jpg?resize=350%2C200&ssl=1","width":350,"height":200},"classes":[]},{"id":15237,"url":"https:\/\/videotravel.wansait.com\/wp\/castelul-kendeffi-din-santamarie-orlea\/15237\/fortificatii\/","url_meta":{"origin":15127,"position":3},"title":"Castelul Kendeffi din Santamarie Orlea","author":"hrnicu","date":"3 mart. 2025","format":false,"excerpt":"Castelul Kendeffi din Santamarie Orlea. Functioneaza ca hotel (tocmai ce am stat acolo).\u00a0 https:\/\/www.youtube.com\/embed\/RDJjUnNGBHM Castelul Kendeffi din S\u00e2nt\u0103m\u0103rie Orlea, jude\u021bul Hunedoara, este o cl\u0103dire \u00eenc\u0103rcat\u0103 de istorie \u0219i un punct de atrac\u021bie important \u00een regiune. Iat\u0103 mai multe informa\u021bii despre el: Istoric \u0219i Arhitectur\u0103: Familia Kendeffy: Castelul a fost construit\u2026","rel":"","context":"\u00cen \u201eFortificatii\u201d","block_context":{"text":"Fortificatii","link":"https:\/\/videotravel.wansait.com\/wp\/category\/fortificatii\/"},"img":{"alt_text":"","src":"https:\/\/i0.wp.com\/videotravel.wansait.com\/wp\/wp-content\/uploads\/2025\/03\/castelul-kendeffi-din-santamarie.jpg?resize=350%2C200&ssl=1","width":350,"height":200},"classes":[]},{"id":15221,"url":"https:\/\/videotravel.wansait.com\/wp\/palate-in-stil-baroc-din-transilvania\/15221\/arhitectura\/","url_meta":{"origin":15127,"position":4},"title":"Palate \u00een stil baroc din Transilvania","author":"hrnicu","date":"11 aug. 2024","format":false,"excerpt":"Jibou (jude\u021bul S\u0103laj) Castelul Teleky din secolul al18-lea https:\/\/www.youtube.com\/watch?v=a7z-jPLLUCs Coplean (jude\u021bul Cluj) primul edificiu pur baroc din Transilvania, Castelul Elekes construit \u00een 1725. Acum \u00een ruine. https:\/\/www.youtube.com\/watch?v=7fZCHQlQDvQ imagini din dron\u0103 Beclean (jude\u021bul Bistri\u021ba N\u0103s\u0103ud), castelul Bethlen fondat \u00een secolulal 15-lea, reconstruit \u00een secolul al18-lea detalii pe siteul prim\u0103riei Beclean LINK:\u2026","rel":"","context":"\u00cen \u201earhitectura\u201d","block_context":{"text":"arhitectura","link":"https:\/\/videotravel.wansait.com\/wp\/category\/arhitectura\/"},"img":{"alt_text":"","src":"https:\/\/i0.wp.com\/videotravel.wansait.com\/wp\/wp-content\/uploads\/2024\/08\/palate-in-stil-baroc-din-transil-1.jpg?resize=350%2C200&ssl=1","width":350,"height":200,"srcset":"https:\/\/i0.wp.com\/videotravel.wansait.com\/wp\/wp-content\/uploads\/2024\/08\/palate-in-stil-baroc-din-transil-1.jpg?resize=350%2C200&ssl=1 1x, https:\/\/i0.wp.com\/videotravel.wansait.com\/wp\/wp-content\/uploads\/2024\/08\/palate-in-stil-baroc-din-transil-1.jpg?resize=525%2C300&ssl=1 1.5x, https:\/\/i0.wp.com\/videotravel.wansait.com\/wp\/wp-content\/uploads\/2024\/08\/palate-in-stil-baroc-din-transil-1.jpg?resize=700%2C400&ssl=1 2x, https:\/\/i0.wp.com\/videotravel.wansait.com\/wp\/wp-content\/uploads\/2024\/08\/palate-in-stil-baroc-din-transil-1.jpg?resize=1050%2C600&ssl=1 3x"},"classes":[]},{"id":15203,"url":"https:\/\/videotravel.wansait.com\/wp\/bad-ischl-si-hallstatt-o-suprinzatoare-capitala-culturala-europeana\/15203\/montan\/","url_meta":{"origin":15127,"position":5},"title":"Bad Ischl \u0219i Hallstatt &#8211; o suprinz\u0103toare capital\u0103 cultural\u0103 european\u0103","author":"hrnicu","date":"10 iul. 2024","format":false,"excerpt":"Bod\u00f8 \u00een Norvegia, Tartu \u00een Estonia \u0219i Bad Ischl \u00een Austria sunt Capitalele Europene ale Culturii 2024 Bad Ischl, \u00eempreun\u0103 cu regiunea Salzkammergut, sunt desemnate Capitala Cultural\u0103 European\u0103 \u00een 2024. Acest ora\u0219 imperial, situat \u00een apropiere de Salzburg, este un loc de vacan\u021b\u0103 popular pentru iubitorii de wellness \u0219i drume\u021bii.\u2026","rel":"","context":"\u00cen \u201eMontan\u201d","block_context":{"text":"Montan","link":"https:\/\/videotravel.wansait.com\/wp\/category\/montan\/"},"img":{"alt_text":"","src":"https:\/\/i0.wp.com\/videotravel.wansait.com\/wp\/wp-content\/uploads\/2024\/07\/bad-ischl-si-hallstatt-o-suprinz.jpg?resize=350%2C200&ssl=1","width":350,"height":200,"srcset":"https:\/\/i0.wp.com\/videotravel.wansait.com\/wp\/wp-content\/uploads\/2024\/07\/bad-ischl-si-hallstatt-o-suprinz.jpg?resize=350%2C200&ssl=1 1x, https:\/\/i0.wp.com\/videotravel.wansait.com\/wp\/wp-content\/uploads\/2024\/07\/bad-ischl-si-hallstatt-o-suprinz.jpg?resize=525%2C300&ssl=1 1.5x, https:\/\/i0.wp.com\/videotravel.wansait.com\/wp\/wp-content\/uploads\/2024\/07\/bad-ischl-si-hallstatt-o-suprinz.jpg?resize=700%2C400&ssl=1 2x, https:\/\/i0.wp.com\/videotravel.wansait.com\/wp\/wp-content\/uploads\/2024\/07\/bad-ischl-si-hallstatt-o-suprinz.jpg?resize=1050%2C600&ssl=1 3x"},"classes":[]}],"_links":{"self":[{"href":"https:\/\/videotravel.wansait.com\/wp\/wp-json\/wp\/v2\/posts\/15127","targetHints":{"allow":["GET"]}}],"collection":[{"href":"https:\/\/videotravel.wansait.com\/wp\/wp-json\/wp\/v2\/posts"}],"about":[{"href":"https:\/\/videotravel.wansait.com\/wp\/wp-json\/wp\/v2\/types\/post"}],"author":[{"embeddable":true,"href":"https:\/\/videotravel.wansait.com\/wp\/wp-json\/wp\/v2\/users\/1"}],"replies":[{"embeddable":true,"href":"https:\/\/videotravel.wansait.com\/wp\/wp-json\/wp\/v2\/comments?post=15127"}],"version-history":[{"count":0,"href":"https:\/\/videotravel.wansait.com\/wp\/wp-json\/wp\/v2\/posts\/15127\/revisions"}],"wp:featuredmedia":[{"embeddable":true,"href":"https:\/\/videotravel.wansait.com\/wp\/wp-json\/wp\/v2\/media\/15129"}],"wp:attachment":[{"href":"https:\/\/videotravel.wansait.com\/wp\/wp-json\/wp\/v2\/media?parent=15127"}],"wp:term":[{"taxonomy":"category","embeddable":true,"href":"https:\/\/videotravel.wansait.com\/wp\/wp-json\/wp\/v2\/categories?post=15127"},{"taxonomy":"post_tag","embeddable":true,"href":"https:\/\/videotravel.wansait.com\/wp\/wp-json\/wp\/v2\/tags?post=15127"}],"curies":[{"name":"wp","href":"https:\/\/api.w.org\/{rel}","templated":true}]}}